{"id":843,"date":"2021-01-13T15:51:26","date_gmt":"2021-01-13T14:51:26","guid":{"rendered":"https:\/\/www.euskaleskolapublikoa.eus\/?p=843"},"modified":"2021-01-13T15:51:26","modified_gmt":"2021-01-13T14:51:26","slug":"2021-2022-matrikulazio-kanpaina","status":"publish","type":"post","link":"https:\/\/www.euskaleskolapublikoa.eus\/es\/2021-2022-matrikulazio-kanpaina\/","title":{"rendered":"Campa\u00f1a de matriculaci\u00f3n 2021-2022"},"content":{"rendered":"<p>La campa\u00f1a de matriculaci\u00f3n para el curso 2021-2022 en los centros educativos p\u00fablicos de infantil, primaria y secundaria de la CAV se desarrollar\u00e1 del <strong>18 al 29 de enero.<\/strong><\/p>\n<p>Queremos conocer vuestros v\u00eddeos, carteles, jornadas de puertas abiertas y todo lo que est\u00e9is organizando para dar a conocer vuestro centro. Enviadnos la informaci\u00f3n a\u00a0<a href=\"mailto:irojo@ehige.eus\"><strong>irojo@ehige.eus<\/strong><\/a>\u00a0y la publicaremos en nuestras redes sociales. Pod\u00e9is consultar los carteles de las escuelas p\u00fablicas que vamos recopilando en este\u00a0<a href=\"https:\/\/www.facebook.com\/media\/set\/?vanity=ehigeweb&amp;set=a.1524155414444524\"><strong>\u00e1lbum<\/strong><\/a>.<\/p>\n<p>Aqu\u00ed os dejamos la\u00a0<a href=\"https:\/\/www.ehige.eus\/wp-content\/uploads\/2021\/01\/Orden-15-12-20-Solicitudes-Plazos-Matriculacion-21-22-cast..pdf\"><strong>Orden<\/strong><\/a>\u00a0por la que se establece el calendario com\u00fan de presentaci\u00f3n de solicitudes y plazos de admisi\u00f3n, y se aprueban las Instrucciones para la admisi\u00f3n de alumnos y alumnas\u00a0 en Educaci\u00f3n Infantil, Primaria y Secundaria Obligatoria, en centros p\u00fablicos.<\/p>\n<p>A continuaci\u00f3n os dejamos el calendario com\u00fan de presentaci\u00f3n de solicitudes y plazos de admisi\u00f3n para los centros p\u00fablicos de Educaci\u00f3n Infantil, Primaria y Secundaria Obligatoria:<\/p>\n<ul>\n<li>Entrega de solicitudes y documentaci\u00f3n acreditativa: <strong>del 18 al 29 de enero<\/strong>.<\/li>\n<li>Publicaci\u00f3n del listado de solicitantes: 16 de febrero.<\/li>\n<li>Publicaci\u00f3n de listas provisionales: <strong>9 de marzo<\/strong>.<\/li>\n<li>Reclamaciones a las listas provisionales: hasta el 16 de marzo.<\/li>\n<li>Desistimiento de la solicitud: hasta el 16 de marzo.<\/li>\n<li>Publicaci\u00f3n de las listas definitivas: <strong>23 de marzo<\/strong>.<\/li>\n<li>Publicaci\u00f3n de las listas de las plazas adjudicadas por los Delegados y las Delegadas Territoriales: 26 de marzo.<\/li>\n<li>Recursos de alzada a las listas definitivas: <strong>hasta el 23 de abril<\/strong>.<\/li>\n<\/ul>\n<p>Pod\u00e9is consultar toda la informaci\u00f3n relativa al proceso de matriculaci\u00f3n en <a href=\"https:\/\/www.euskadi.eus\/admision-educacion-infantil-primaria-y-secundaria-obligatoria\/web01-a2hikast\/es\/\">este enlace<\/a> del Departamento de Educaci\u00f3n del Gobierno vasco. En el apartado &#8220;buscador de centros&#8221; encontrareis un listado de los centros educativos por territorio hist\u00f3rico y podr\u00e9is hacer una b\u00fasqueda personalizada para saber los <a href=\"https:\/\/ikasgunea.euskadi.eus\/es\/consulta-de-puntos-de-baremo?p_auth=9bwmLgJi&amp;p_p_id=Centrosporzona_WAR_x94p002InformacionCentrosWARportlet&amp;p_p_lifecycle=1&amp;p_p_state=normal&amp;p_p_mode=view&amp;p_p_col_id=column-1&amp;p_p_col_count=1&amp;_Centrosporzona_WAR_x94p002InformacionCentrosWARportlet_javax.portlet.action=Submiteo#ancla1\">puntos por proximidad<\/a> del domicilio a cada centro educativo.<\/p>\n<p>Aqu\u00ed os dejamos nuestro\u00a0<a href=\"https:\/\/www.ehige.eus\/wp-content\/uploads\/2021\/01\/Kartela.pdf\"><strong>cartel<\/strong><\/a> para la campa\u00f1a matriculaci\u00f3n.<\/p>\n<p>Asimismo, os recordamos que si ten\u00e9is cualquier duda o consulta pod\u00e9is acudir a vuestra federaci\u00f3n.<\/p>\n<!-- AddThis Advanced Settings generic via filter on the_content --><!-- AddThis Share Buttons generic via filter on the_content -->","protected":false},"excerpt":{"rendered":"<p>La campa\u00f1a de matriculaci\u00f3n para el curso 2021-2022 en los centros educativos p\u00fablicos de infantil, primaria y secundaria de la CAV se desarrollar\u00e1 del 18 al 29 de enero.  Queremos conocer vuestros v\u00eddeos, carteles, jornadas de puertas abiertas y todo lo que est\u00e9is organizando para dar a conocer vuestro centro.<!-- AddThis Advanced Settings generic via filter on get_the_excerpt --><!-- AddThis Share Buttons generic via filter on get_the_excerpt --><\/p>\n","protected":false},"author":169,"featured_media":844,"comment_status":"closed","ping_status":"closed","sticky":false,"template":"","format":"standard","meta":{"_exactmetrics_skip_tracking":false,"_exactmetrics_sitenote_active":false,"_exactmetrics_sitenote_note":"","_exactmetrics_sitenote_category":0,"footnotes":""},"categories":[1],"tags":[],"class_list":["post-843","post","type-post","status-publish","format-standard","has-post-thumbnail","hentry","category-euskaleskolapublikoa"],"aioseo_notices":[],"_links":{"self":[{"href":"https:\/\/www.euskaleskolapublikoa.eus\/es\/wp-json\/wp\/v2\/posts\/843","targetHints":{"allow":["GET"]}}],"collection":[{"href":"https:\/\/www.euskaleskolapublikoa.eus\/es\/wp-json\/wp\/v2\/posts"}],"about":[{"href":"https:\/\/www.euskaleskolapublikoa.eus\/es\/wp-json\/wp\/v2\/types\/post"}],"author":[{"embeddable":true,"href":"https:\/\/www.euskaleskolapublikoa.eus\/es\/wp-json\/wp\/v2\/users\/169"}],"replies":[{"embeddable":true,"href":"https:\/\/www.euskaleskolapublikoa.eus\/es\/wp-json\/wp\/v2\/comments?post=843"}],"version-history":[{"count":1,"href":"https:\/\/www.euskaleskolapublikoa.eus\/es\/wp-json\/wp\/v2\/posts\/843\/revisions"}],"predecessor-version":[{"id":845,"href":"https:\/\/www.euskaleskolapublikoa.eus\/es\/wp-json\/wp\/v2\/posts\/843\/revisions\/845"}],"wp:featuredmedia":[{"embeddable":true,"href":"https:\/\/www.euskaleskolapublikoa.eus\/es\/wp-json\/wp\/v2\/media\/844"}],"wp:attachment":[{"href":"https:\/\/www.euskaleskolapublikoa.eus\/es\/wp-json\/wp\/v2\/media?parent=843"}],"wp:term":[{"taxonomy":"category","embeddable":true,"href":"https:\/\/www.euskaleskolapublikoa.eus\/es\/wp-json\/wp\/v2\/categories?post=843"},{"taxonomy":"post_tag","embeddable":true,"href":"https:\/\/www.euskaleskolapublikoa.eus\/es\/wp-json\/wp\/v2\/tags?post=843"}],"curies":[{"name":"wp","href":"https:\/\/api.w.org\/{rel}","templated":true}]}}