{"id":1399,"date":"2024-05-06T18:04:11","date_gmt":"2024-05-06T16:04:11","guid":{"rendered":"https:\/\/www.euskaleskolapublikoa.eus\/?p=1399"},"modified":"2024-05-06T18:04:11","modified_gmt":"2024-05-06T16:04:11","slug":"publikotasuna-zergatik-zertarako-euskal-eskola-publikoa-ahalduntzeko-estrategiak-hitzaldia","status":"publish","type":"post","link":"https:\/\/www.euskaleskolapublikoa.eus\/es\/publikotasuna-zergatik-zertarako-euskal-eskola-publikoa-ahalduntzeko-estrategiak-hitzaldia\/","title":{"rendered":"Charla \u201cPublikotasuna zergatik, zertarako? Euskal Eskola Publikoa ahalduntzeko estrategiak\u201d"},"content":{"rendered":"<p>Estamos organizando la 31 edici\u00f3n de la <a href=\"https:\/\/www.euskaleskolapublikoarenjaia.eus\/es\/\">Fiesta de la Escuela P\u00fablica Vasca<\/a> en base a tres ejes: lo p\u00fablico, el euskera y la diversidad e inclusi\u00f3n.<\/p>\n<p>Bas\u00e1ndonos en estos ejes realizaremos tres charlas\/mesas redondas a lo largo del curso. Paula Kasares, I\u00f1aki Arruti y la comunidad de la escuela p\u00fablica de Ordizia participaron en la mesa redonda \u201cMundu bat euskaraz: Familian, eskolan eta herrian euskalduntzeko estrategiak\u201d el pasado mes de marzo.<\/p>\n<p>Lo p\u00fablico fue el eje de la segunda actividad. As\u00ed, Xabier Mendizabal ofreci\u00f3 la charla <a href=\"https:\/\/www.youtube.com\/watch?v=Xe6Tci7LWo4\">\u201cPublikotasuna zergatik, zertarako? Euskal Eskola Publikoa ahalduntzeko estrategiak\u201d<\/a> el pasado 18 de abril.<\/p>\n<p>En el contexto de blindaje de la privatizaci\u00f3n de la educaci\u00f3n que vivimos en el Pa\u00eds Vasco, Mendizabal analiz\u00f3 c\u00f3mo hemos llegado hasta aqu\u00ed e hizo una reflexi\u00f3n estrat\u00e9gica sobre el futuro de la Escuela P\u00fablica Vasca.<\/p>\n<p>Descarga el <a href=\"https:\/\/www.ehige.eus\/wp-content\/uploads\/2024\/04\/Publikotasuna-zergatik-zertarako-kartela-PDF.pdf\">cartel<\/a> en formato PDF.<\/p>\n<p><a href=\"https:\/\/www.youtube.com\/watch?v=Xe6Tci7LWo4\">Link<\/a> de la charla.<\/p>\n<!-- AddThis Advanced Settings generic via filter on the_content --><!-- AddThis Share Buttons generic via filter on the_content -->","protected":false},"excerpt":{"rendered":"<p>Estamos organizando la 31 edici\u00f3n de la Fiesta de la Escuela P\u00fablica Vasca en base a tres ejes: lo p\u00fablico, [&hellip;]<!-- AddThis Advanced Settings generic via filter on get_the_excerpt --><!-- AddThis Share Buttons generic via filter on get_the_excerpt --><\/p>\n","protected":false},"author":169,"featured_media":1400,"comment_status":"closed","ping_status":"closed","sticky":false,"template":"","format":"standard","meta":{"_exactmetrics_skip_tracking":false,"_exactmetrics_sitenote_active":false,"_exactmetrics_sitenote_note":"","_exactmetrics_sitenote_category":0,"footnotes":""},"categories":[1],"tags":[],"class_list":["post-1399","post","type-post","status-publish","format-standard","has-post-thumbnail","hentry","category-euskaleskolapublikoa"],"aioseo_notices":[],"_links":{"self":[{"href":"https:\/\/www.euskaleskolapublikoa.eus\/es\/wp-json\/wp\/v2\/posts\/1399","targetHints":{"allow":["GET"]}}],"collection":[{"href":"https:\/\/www.euskaleskolapublikoa.eus\/es\/wp-json\/wp\/v2\/posts"}],"about":[{"href":"https:\/\/www.euskaleskolapublikoa.eus\/es\/wp-json\/wp\/v2\/types\/post"}],"author":[{"embeddable":true,"href":"https:\/\/www.euskaleskolapublikoa.eus\/es\/wp-json\/wp\/v2\/users\/169"}],"replies":[{"embeddable":true,"href":"https:\/\/www.euskaleskolapublikoa.eus\/es\/wp-json\/wp\/v2\/comments?post=1399"}],"version-history":[{"count":1,"href":"https:\/\/www.euskaleskolapublikoa.eus\/es\/wp-json\/wp\/v2\/posts\/1399\/revisions"}],"predecessor-version":[{"id":1401,"href":"https:\/\/www.euskaleskolapublikoa.eus\/es\/wp-json\/wp\/v2\/posts\/1399\/revisions\/1401"}],"wp:featuredmedia":[{"embeddable":true,"href":"https:\/\/www.euskaleskolapublikoa.eus\/es\/wp-json\/wp\/v2\/media\/1400"}],"wp:attachment":[{"href":"https:\/\/www.euskaleskolapublikoa.eus\/es\/wp-json\/wp\/v2\/media?parent=1399"}],"wp:term":[{"taxonomy":"category","embeddable":true,"href":"https:\/\/www.euskaleskolapublikoa.eus\/es\/wp-json\/wp\/v2\/categories?post=1399"},{"taxonomy":"post_tag","embeddable":true,"href":"https:\/\/www.euskaleskolapublikoa.eus\/es\/wp-json\/wp\/v2\/tags?post=1399"}],"curies":[{"name":"wp","href":"https:\/\/api.w.org\/{rel}","templated":true}]}}