{"id":1372,"date":"2024-01-30T14:24:20","date_gmt":"2024-01-30T13:24:20","guid":{"rendered":"https:\/\/www.euskaleskolapublikoa.eus\/?p=1372"},"modified":"2024-01-30T14:24:20","modified_gmt":"2024-01-30T13:24:20","slug":"2024-2025-matrikulazioa","status":"publish","type":"post","link":"https:\/\/www.euskaleskolapublikoa.eus\/es\/2024-2025-matrikulazioa\/","title":{"rendered":"Matriculaci\u00f3n 2024-2025"},"content":{"rendered":"<p>La campa\u00f1a de <a href=\"https:\/\/www.ehige.eus\/wp-content\/uploads\/2024\/01\/Publikoa-da-bidea-kartela.pdf\">matriculaci\u00f3n<\/a> para el curso 2024-2025 en los centros educativos p\u00fablicos de infantil, primaria y secundaria de la CAV se desarrollar\u00e1 del <strong>7 al 23 de febrero. <\/strong>En EHIGE hemos puesto en marcha la campa\u00f1a <a href=\"https:\/\/www.ehige.eus\/es\/publikoa-da-bidea-es\/\">Publikoa da bidea!<\/a>.<\/p>\n<p>Queremos conocer vuestros v\u00eddeos, carteles, jornadas de puertas abiertas y todo lo que est\u00e9is organizando para dar a conocer vuestro centro. Etiquetad a EHIGE en vuestras redes sociales y compartiremos vuestra informaci\u00f3n. Y recordad, que para mostrar nuestra reivindicaci\u00f3n de lo p\u00fablico hemos hecho las <a href=\"https:\/\/www.euskaleskolapublikoarenjaia.eus\/es\/accesorios\/banderola-publikoa-da-bidea\">banderolas<\/a> de Publikoa da bidea!<\/p>\n<p>Aqu\u00ed os dejamos la Orden por la que se establece el calendario com\u00fan de presentaci\u00f3n de solicitudes y plazos de admisi\u00f3n, y se aprueban las Instrucciones para la admisi\u00f3n de alumnos y alumnas\u00a0en Educaci\u00f3n Infantil, Primaria y Secundaria Obligatoria, en centros p\u00fablicos.<\/p>\n<p>A continuaci\u00f3n, os dejamos el<a href=\"https:\/\/www.ehige.eus\/wp-content\/uploads\/2024\/01\/Ikastetxeen_egutegia.pdf\"> calendario com\u00fan<\/a> de presentaci\u00f3n de solicitudes y plazos de admisi\u00f3n para los centros p\u00fablicos de Educaci\u00f3n Infantil, Primaria y Secundaria Obligatoria:<\/p>\n<ul>\n<li>Entrega de solicitudes y documentaci\u00f3n acreditativa:\u00a0<strong>del 7 al 23 de febrero.<\/strong><\/li>\n<li>Publicaci\u00f3n del listado de solicitantes: 12 de marzo.<\/li>\n<li>Publicaci\u00f3n de listas provisionales: 26 de marzo.<\/li>\n<li>Reclamaciones a las listas provisionales: hasta el 10 de abril.<\/li>\n<li>Desistimiento de la solicitud: hasta el 10 de marzo.<\/li>\n<li>Publicaci\u00f3n de las listas definitivas:\u00a0<strong>26 de abril. <\/strong><strong>Consultas hasta el 30 de mayo<\/strong><strong>.<\/strong><\/li>\n<li>Publicaci\u00f3n de las listas de las plazas adjudicadas por los Delegados y las Delegadas Territoriales: 29 de abril.<\/li>\n<li>Recursos de alzada a las listas definitivas:\u00a0<strong>hasta el 30 de mayo.<\/strong><\/li>\n<\/ul>\n<p>Pod\u00e9is consultar toda la informaci\u00f3n relativa al proceso de matriculaci\u00f3n en\u00a0<a href=\"https:\/\/www.euskadi.eus\/admision-educacion-infantil-primaria-y-secundaria-obligatoria\/web01-a2hikast\/es\/\" data-wpel-link=\"external\">este enlace<\/a>\u00a0del Departamento de Educaci\u00f3n del Gobierno vasco. En el apartado \u201cbuscador de centros\u201d encontrareis un listado de los centros educativos por territorio hist\u00f3rico y podr\u00e9is hacer una b\u00fasqueda personalizada para saber los\u00a0<a href=\"https:\/\/ikasgunea.euskadi.eus\/es\/consulta-de-puntos-de-baremo?p_auth=9bwmLgJi&amp;p_p_id=Centrosporzona_WAR_x94p002InformacionCentrosWARportlet&amp;p_p_lifecycle=1&amp;p_p_state=normal&amp;p_p_mode=view&amp;p_p_col_id=column-1&amp;p_p_col_count=1&amp;_Centrosporzona_WAR_x94p002InformacionCentrosWARportlet_javax.portlet.action=Submiteo#ancla1\" data-wpel-link=\"external\">puntos por proximidad<\/a>\u00a0del domicilio a cada centro educativo.<\/p>\n<p>Aqu\u00ed os dejamos <a href=\"https:\/\/www.ehige.eus\/wp-content\/uploads\/2024\/01\/Publikoa-da-bidea-kartela.pdf\">nuestro cartel<\/a> y el <a href=\"https:\/\/www.youtube.com\/watch?v=CbwdmR_ftu4&amp;t=4s\">v\u00eddeo<\/a> para la campa\u00f1a matriculaci\u00f3n, as\u00ed como otra aplicaci\u00f3n del cartel en blanco para impresi\u00f3n.<\/p>\n<p>Asimismo, os recordamos que si ten\u00e9is cualquier duda o consulta pod\u00e9is acudir a vuestra federaci\u00f3n.<\/p>\n<p>\u00a1Descarga el <a href=\"https:\/\/www.ehige.eus\/wp-content\/uploads\/2024\/01\/Publikoa-da-bidea-kartela.pdf\">cartel<\/a> en formato PDF!<\/p>\n<p>&nbsp;<\/p>\n<!-- AddThis Advanced Settings generic via filter on the_content --><!-- AddThis Share Buttons generic via filter on the_content -->","protected":false},"excerpt":{"rendered":"<p>La campa\u00f1a de matriculaci\u00f3n para el curso 2024-2025 en los centros educativos p\u00fablicos de infantil, primaria y secundaria de la [&hellip;]<!-- AddThis Advanced Settings generic via filter on get_the_excerpt --><!-- AddThis Share Buttons generic via filter on get_the_excerpt --><\/p>\n","protected":false},"author":169,"featured_media":1373,"comment_status":"closed","ping_status":"closed","sticky":false,"template":"","format":"standard","meta":{"_exactmetrics_skip_tracking":false,"_exactmetrics_sitenote_active":false,"_exactmetrics_sitenote_note":"","_exactmetrics_sitenote_category":0,"footnotes":""},"categories":[1],"tags":[],"class_list":["post-1372","post","type-post","status-publish","format-standard","has-post-thumbnail","hentry","category-euskaleskolapublikoa"],"aioseo_notices":[],"_links":{"self":[{"href":"https:\/\/www.euskaleskolapublikoa.eus\/es\/wp-json\/wp\/v2\/posts\/1372","targetHints":{"allow":["GET"]}}],"collection":[{"href":"https:\/\/www.euskaleskolapublikoa.eus\/es\/wp-json\/wp\/v2\/posts"}],"about":[{"href":"https:\/\/www.euskaleskolapublikoa.eus\/es\/wp-json\/wp\/v2\/types\/post"}],"author":[{"embeddable":true,"href":"https:\/\/www.euskaleskolapublikoa.eus\/es\/wp-json\/wp\/v2\/users\/169"}],"replies":[{"embeddable":true,"href":"https:\/\/www.euskaleskolapublikoa.eus\/es\/wp-json\/wp\/v2\/comments?post=1372"}],"version-history":[{"count":1,"href":"https:\/\/www.euskaleskolapublikoa.eus\/es\/wp-json\/wp\/v2\/posts\/1372\/revisions"}],"predecessor-version":[{"id":1374,"href":"https:\/\/www.euskaleskolapublikoa.eus\/es\/wp-json\/wp\/v2\/posts\/1372\/revisions\/1374"}],"wp:featuredmedia":[{"embeddable":true,"href":"https:\/\/www.euskaleskolapublikoa.eus\/es\/wp-json\/wp\/v2\/media\/1373"}],"wp:attachment":[{"href":"https:\/\/www.euskaleskolapublikoa.eus\/es\/wp-json\/wp\/v2\/media?parent=1372"}],"wp:term":[{"taxonomy":"category","embeddable":true,"href":"https:\/\/www.euskaleskolapublikoa.eus\/es\/wp-json\/wp\/v2\/categories?post=1372"},{"taxonomy":"post_tag","embeddable":true,"href":"https:\/\/www.euskaleskolapublikoa.eus\/es\/wp-json\/wp\/v2\/tags?post=1372"}],"curies":[{"name":"wp","href":"https:\/\/api.w.org\/{rel}","templated":true}]}}